{"id":1241,"date":"2024-12-10T13:23:22","date_gmt":"2024-12-10T12:23:22","guid":{"rendered":"https:\/\/hotelaphrodite.com\/?p=1241"},"modified":"2024-12-10T13:44:10","modified_gmt":"2024-12-10T12:44:10","slug":"il-giubileo-universale-2025-roma","status":"publish","type":"post","link":"https:\/\/hotelaphrodite.com\/it\/il-giubileo-universale-2025-roma\/","title":{"rendered":"Giubileo 2025"},"content":{"rendered":"\n<p><strong>Il Giubileo<\/strong> universale della Chiesa cattolica \u00e8 un evento religioso di grande importanza che viene celebrato&nbsp;con lo scopo di promuovere la fede,&nbsp;la carit\u00e0 e il perdono. Si tratta di un\u2019occasione speciale per i fedeli di tutto il mondo di rinnovare il proprio impegno spirituale e ricevere indulgenze plenarie.<\/p>\n\n\n\n<p>La parola \u201cGiubileo\u201d&nbsp;deriva dall\u2019ebraico \u201cyobel\u201c, che significa \u201ccorno di montone\u201c utilizzato nell\u2019antico Israele, il suono del corno annunciava il&nbsp;<strong>Giorno dell\u2019Espiazione<\/strong>&nbsp;(<em>Yom Kippur<\/em>).. Nella tradizione cristiana, il Giubileo \u00e8 un&nbsp;periodo di remissione dei peccati e di <strong>riconciliazione<\/strong> con Dio, un tempo di rinnovamento spirituale e di grazia. \u00c8 un momento in cui i fedeli sono invitati a fare&nbsp;<strong>pellegrinaggi<\/strong>, confessarsi, partecipare alle celebrazioni&nbsp;liturgiche e compiere opere di <strong>misericordia<\/strong>.<\/p>\n\n\n\n<p>Le prime notizie del Giubileo le leggiamo nella <strong>Bibbia:<\/strong> avrebbe dovuto essere convocato ogni 50 anni. Era proposto come l\u2019occasione nella quale ristabilire il corretto rapporto nei confronti di Dio, tra le persone e con la creazione.<\/p>\n\n\n\n<figure class=\"wp-block-image size-large\"><img loading=\"lazy\" decoding=\"async\" width=\"1024\" height=\"682\" src=\"https:\/\/hotelaphrodite.com\/wp-content\/uploads\/2019\/07\/vatican_museums_tour-040new-1024x682.jpg\" alt=\"\" class=\"wp-image-1234\" srcset=\"https:\/\/hotelaphrodite.com\/wp-content\/uploads\/2019\/07\/vatican_museums_tour-040new-1024x682.jpg 1024w, https:\/\/hotelaphrodite.com\/wp-content\/uploads\/2019\/07\/vatican_museums_tour-040new-300x200.jpg 300w, https:\/\/hotelaphrodite.com\/wp-content\/uploads\/2019\/07\/vatican_museums_tour-040new-768x512.jpg 768w, https:\/\/hotelaphrodite.com\/wp-content\/uploads\/2019\/07\/vatican_museums_tour-040new-1536x1024.jpg 1536w, https:\/\/hotelaphrodite.com\/wp-content\/uploads\/2019\/07\/vatican_museums_tour-040new.jpg 1772w\" sizes=\"auto, (max-width: 1024px) 100vw, 1024px\" \/><\/figure>\n\n\n\n<p><\/p>\n\n\n\n<p>Bonifacio VIII&nbsp;nel&nbsp;1300 indisse il primo Giubileo, chiamato anche&nbsp;<strong><em>Anno Santo<\/em>,<\/strong> perch\u00e9 \u00e8 un tempo nel quale i cristiani sperimentano che la santit\u00e0 di Dio ci trasforma. La cadenza \u00e8 cambiata nel tempo: all\u2019inizio si celebrava&nbsp;ogni 100 anni; poi&nbsp;ogni 50 anni&nbsp;dal&nbsp;1343 con Clemente VI e&nbsp;ogni 25 anni&nbsp;dal&nbsp;1470 con Paolo II. Ci sono stati anche&nbsp;Giubilei&nbsp;straordinari,&nbsp;come quando, nel&nbsp;1933, Pio XI volle ricordare l\u2019anniversario della Redenzione e nel&nbsp;2015, quando <strong>papa Francesco<\/strong> indisse l<strong>\u2019Anno della Misericordia<\/strong>.<\/p>\n\n\n\n<p>Il modo di celebrare il Giubileo \u00e8 cambiato nel tempo: all\u2019origine coincideva con la visita alle Basiliche romane di San Pietro e di San Paolo fuori le Mura, quindi con il pellegrinaggio, successivamente si aggiunsero altre tradizioni&nbsp;come l&#8217;apertura della Porta Santa. <a href=\"https:\/\/www.giubileo-2025.it\/dove-sono-le-porte-sante-a-roma\">Le quattro basiliche papali di Roma<\/a>&nbsp;che hanno una Porta Santa sono:&nbsp;<a href=\"https:\/\/www.giubileo-2025.it\/porta-santa\/basilica-san-pietro\">la basilica di San Pietro in Vaticano<\/a>,&nbsp;<a href=\"https:\/\/www.giubileo-2025.it\/porta-santa\/basilica-san-giovanni-laterano\">San Giovanni in Laterano<\/a>,&nbsp;<a href=\"https:\/\/www.giubileo-2025.it\/porta-santa\/basilica-san-paolo-fuori-le-mura\">San Paolo fuori le mura<\/a>&nbsp;e&nbsp;<a href=\"https:\/\/www.giubileo-2025.it\/porta-santa\/basilica-santa-maria-maggiore\">Santa Maria Maggiore<\/a>.<\/p>\n\n\n\n<p><a href=\"https:\/\/www.iubilaeum2025.va\/it\/calendario\/calendario-generale.html\">Il&nbsp;Giubileo 2025<\/a> si&nbsp;aprir\u00e0 ufficialmente il 24 dicembre 2024 alle ore 19.00, con il rito di Apertura della<strong> Porta Santa della Basilica Papale di San Pietro<\/strong> da parte&nbsp;del&nbsp;Santo Padre, che a seguire presieder\u00e0 la celebrazione della Santa Messa&nbsp;nella&nbsp;notte&nbsp;del&nbsp;Natale&nbsp;del&nbsp;Signore all&#8217;interno della Basilica.<\/p>\n\n\n\n<p><\/p>\n","protected":false},"excerpt":{"rendered":"<p>Il Giubileo universale della Chiesa cattolica \u00e8 un evento religioso di grande importanza che viene celebrato&nbsp;con lo scopo di promuovere la fede,&nbsp;la carit\u00e0 e il perdono. Si tratta di un\u2019occasione speciale per i fedeli di tutto il mondo di rinnovare il proprio impegno spirituale e ricevere indulgenze plenarie. La parola \u201cGiubileo\u201d&nbsp;deriva dall\u2019ebraico \u201cyobel\u201c, che significa [&hellip;]<\/p>\n","protected":false},"author":3,"featured_media":1232,"comment_status":"closed","ping_status":"closed","sticky":false,"template":"","format":"standard","meta":{"_acf_changed":false,"footnotes":""},"categories":[13],"tags":[],"class_list":["post-1241","post","type-post","status-publish","format-standard","has-post-thumbnail","hentry","category-roma"],"acf":[],"yoast_head":"<!-- This site is optimized with the Yoast SEO plugin v24.7 - https:\/\/yoast.com\/wordpress\/plugins\/seo\/ -->\r\n<title>Giubileo 2025 | Aphrodite<\/title>\r\n<meta name=\"description\" content=\"Il\u00a0Giubileo 2025 si\u00a0aprir\u00e0 ufficialmente il 24 dicembre 2024 con l&#039;apertura della Porta Santa della Basilica Papale di San Pietro\" \/>\r\n<meta name=\"robots\" content=\"noindex, follow\" \/>\r\n<meta property=\"og:locale\" content=\"it_IT\" \/>\r\n<meta property=\"og:type\" content=\"article\" \/>\r\n<meta property=\"og:title\" content=\"Giubileo 2025 | Aphrodite\" \/>\r\n<meta property=\"og:description\" content=\"Il\u00a0Giubileo 2025 si\u00a0aprir\u00e0 ufficialmente il 24 dicembre 2024 con l&#039;apertura della Porta Santa della Basilica Papale di San Pietro\" \/>\r\n<meta property=\"og:url\" content=\"https:\/\/hotelaphrodite.com\/it\/il-giubileo-universale-2025-roma\/\" \/>\r\n<meta property=\"og:site_name\" content=\"Aphrodite\" \/>\r\n<meta property=\"article:publisher\" content=\"https:\/\/www.facebook.com\/HotelAphroditeRoma\/\" \/>\r\n<meta property=\"article:published_time\" content=\"2024-12-10T12:23:22+00:00\" \/>\r\n<meta property=\"article:modified_time\" content=\"2024-12-10T12:44:10+00:00\" \/>\r\n<meta property=\"og:image\" content=\"https:\/\/hotelaphrodite.com\/wp-content\/uploads\/2019\/07\/vatican-scaled.jpg\" \/>\r\n\t<meta property=\"og:image:width\" content=\"2560\" \/>\r\n\t<meta property=\"og:image:height\" content=\"1920\" \/>\r\n\t<meta property=\"og:image:type\" content=\"image\/jpeg\" \/>\r\n<meta name=\"author\" content=\"Pamela Di CIommo\" \/>\r\n<meta name=\"twitter:card\" content=\"summary_large_image\" \/>\r\n<meta name=\"twitter:label1\" content=\"Scritto da\" \/>\n\t<meta name=\"twitter:data1\" content=\"Pamela Di CIommo\" \/>\n\t<meta name=\"twitter:label2\" content=\"Tempo di lettura stimato\" \/>\n\t<meta name=\"twitter:data2\" content=\"3 minuti\" \/>\r\n<script type=\"application\/ld+json\" class=\"yoast-schema-graph\">{\"@context\":\"https:\/\/schema.org\",\"@graph\":[{\"@type\":\"Article\",\"@id\":\"https:\/\/hotelaphrodite.com\/it\/il-giubileo-universale-2025-roma\/#article\",\"isPartOf\":{\"@id\":\"https:\/\/hotelaphrodite.com\/it\/il-giubileo-universale-2025-roma\/\"},\"author\":{\"name\":\"Pamela Di CIommo\",\"@id\":\"https:\/\/hotelaphrodite.com\/#\/schema\/person\/4c784c8573058981cfce0b66329e0b67\"},\"headline\":\"Giubileo 2025\",\"datePublished\":\"2024-12-10T12:23:22+00:00\",\"dateModified\":\"2024-12-10T12:44:10+00:00\",\"mainEntityOfPage\":{\"@id\":\"https:\/\/hotelaphrodite.com\/it\/il-giubileo-universale-2025-roma\/\"},\"wordCount\":398,\"publisher\":{\"@id\":\"https:\/\/hotelaphrodite.com\/#organization\"},\"image\":{\"@id\":\"https:\/\/hotelaphrodite.com\/it\/il-giubileo-universale-2025-roma\/#primaryimage\"},\"thumbnailUrl\":\"https:\/\/hotelaphrodite.com\/wp-content\/uploads\/2019\/07\/vatican-scaled.jpg\",\"articleSection\":[\"Roma\"],\"inLanguage\":\"it-IT\"},{\"@type\":\"WebPage\",\"@id\":\"https:\/\/hotelaphrodite.com\/it\/il-giubileo-universale-2025-roma\/\",\"url\":\"https:\/\/hotelaphrodite.com\/it\/il-giubileo-universale-2025-roma\/\",\"name\":\"Giubileo 2025 | Aphrodite\",\"isPartOf\":{\"@id\":\"https:\/\/hotelaphrodite.com\/#website\"},\"primaryImageOfPage\":{\"@id\":\"https:\/\/hotelaphrodite.com\/it\/il-giubileo-universale-2025-roma\/#primaryimage\"},\"image\":{\"@id\":\"https:\/\/hotelaphrodite.com\/it\/il-giubileo-universale-2025-roma\/#primaryimage\"},\"thumbnailUrl\":\"https:\/\/hotelaphrodite.com\/wp-content\/uploads\/2019\/07\/vatican-scaled.jpg\",\"datePublished\":\"2024-12-10T12:23:22+00:00\",\"dateModified\":\"2024-12-10T12:44:10+00:00\",\"description\":\"Il\u00a0Giubileo 2025 si\u00a0aprir\u00e0 ufficialmente il 24 dicembre 2024 con l'apertura della Porta Santa della Basilica Papale di San Pietro\",\"breadcrumb\":{\"@id\":\"https:\/\/hotelaphrodite.com\/it\/il-giubileo-universale-2025-roma\/#breadcrumb\"},\"inLanguage\":\"it-IT\",\"potentialAction\":[{\"@type\":\"ReadAction\",\"target\":[\"https:\/\/hotelaphrodite.com\/it\/il-giubileo-universale-2025-roma\/\"]}]},{\"@type\":\"ImageObject\",\"inLanguage\":\"it-IT\",\"@id\":\"https:\/\/hotelaphrodite.com\/it\/il-giubileo-universale-2025-roma\/#primaryimage\",\"url\":\"https:\/\/hotelaphrodite.com\/wp-content\/uploads\/2019\/07\/vatican-scaled.jpg\",\"contentUrl\":\"https:\/\/hotelaphrodite.com\/wp-content\/uploads\/2019\/07\/vatican-scaled.jpg\",\"width\":2560,\"height\":1920},{\"@type\":\"BreadcrumbList\",\"@id\":\"https:\/\/hotelaphrodite.com\/it\/il-giubileo-universale-2025-roma\/#breadcrumb\",\"itemListElement\":[{\"@type\":\"ListItem\",\"position\":1,\"name\":\"Home\",\"item\":\"https:\/\/hotelaphrodite.com\/it\/\"},{\"@type\":\"ListItem\",\"position\":2,\"name\":\"Giubileo 2025\"}]},{\"@type\":\"WebSite\",\"@id\":\"https:\/\/hotelaphrodite.com\/#website\",\"url\":\"https:\/\/hotelaphrodite.com\/\",\"name\":\"Hotel Aphrodite Roma\",\"description\":\"Un nuovo sito targato WordPress\",\"publisher\":{\"@id\":\"https:\/\/hotelaphrodite.com\/#organization\"},\"potentialAction\":[{\"@type\":\"SearchAction\",\"target\":{\"@type\":\"EntryPoint\",\"urlTemplate\":\"https:\/\/hotelaphrodite.com\/?s={search_term_string}\"},\"query-input\":{\"@type\":\"PropertyValueSpecification\",\"valueRequired\":true,\"valueName\":\"search_term_string\"}}],\"inLanguage\":\"it-IT\"},{\"@type\":\"Organization\",\"@id\":\"https:\/\/hotelaphrodite.com\/#organization\",\"name\":\"Hotel Aphrodite Roma\",\"url\":\"https:\/\/hotelaphrodite.com\/\",\"logo\":{\"@type\":\"ImageObject\",\"inLanguage\":\"it-IT\",\"@id\":\"https:\/\/hotelaphrodite.com\/#\/schema\/logo\/image\/\",\"url\":\"https:\/\/hotelaphrodite.com\/wp-content\/uploads\/2019\/11\/logohotelaphrodite-icon.png\",\"contentUrl\":\"https:\/\/hotelaphrodite.com\/wp-content\/uploads\/2019\/11\/logohotelaphrodite-icon.png\",\"width\":50,\"height\":57,\"caption\":\"Hotel Aphrodite Roma\"},\"image\":{\"@id\":\"https:\/\/hotelaphrodite.com\/#\/schema\/logo\/image\/\"},\"sameAs\":[\"https:\/\/www.facebook.com\/HotelAphroditeRoma\/\",\"https:\/\/www.instagram.com\/hotel_aphroditeroma\/\"]},{\"@type\":\"Person\",\"@id\":\"https:\/\/hotelaphrodite.com\/#\/schema\/person\/4c784c8573058981cfce0b66329e0b67\",\"name\":\"Pamela Di CIommo\",\"image\":{\"@type\":\"ImageObject\",\"inLanguage\":\"it-IT\",\"@id\":\"https:\/\/hotelaphrodite.com\/#\/schema\/person\/image\/\",\"url\":\"https:\/\/secure.gravatar.com\/avatar\/e154f61655deb0bd220e08e31f19633d?s=96&d=mm&r=g\",\"contentUrl\":\"https:\/\/secure.gravatar.com\/avatar\/e154f61655deb0bd220e08e31f19633d?s=96&d=mm&r=g\",\"caption\":\"Pamela Di CIommo\"},\"sameAs\":[\"https:\/\/hotelaphrodite.com\/\"]}]}<\/script>\r\n<!-- \/ Yoast SEO plugin. -->","yoast_head_json":{"title":"Giubileo 2025 | Aphrodite","description":"Il\u00a0Giubileo 2025 si\u00a0aprir\u00e0 ufficialmente il 24 dicembre 2024 con l'apertura della Porta Santa della Basilica Papale di San Pietro","robots":{"index":"noindex","follow":"follow"},"og_locale":"it_IT","og_type":"article","og_title":"Giubileo 2025 | Aphrodite","og_description":"Il\u00a0Giubileo 2025 si\u00a0aprir\u00e0 ufficialmente il 24 dicembre 2024 con l'apertura della Porta Santa della Basilica Papale di San Pietro","og_url":"https:\/\/hotelaphrodite.com\/it\/il-giubileo-universale-2025-roma\/","og_site_name":"Aphrodite","article_publisher":"https:\/\/www.facebook.com\/HotelAphroditeRoma\/","article_published_time":"2024-12-10T12:23:22+00:00","article_modified_time":"2024-12-10T12:44:10+00:00","og_image":[{"width":2560,"height":1920,"url":"https:\/\/hotelaphrodite.com\/wp-content\/uploads\/2019\/07\/vatican-scaled.jpg","type":"image\/jpeg"}],"author":"Pamela Di CIommo","twitter_card":"summary_large_image","twitter_misc":{"Scritto da":"Pamela Di CIommo","Tempo di lettura stimato":"3 minuti"},"schema":{"@context":"https:\/\/schema.org","@graph":[{"@type":"Article","@id":"https:\/\/hotelaphrodite.com\/it\/il-giubileo-universale-2025-roma\/#article","isPartOf":{"@id":"https:\/\/hotelaphrodite.com\/it\/il-giubileo-universale-2025-roma\/"},"author":{"name":"Pamela Di CIommo","@id":"https:\/\/hotelaphrodite.com\/#\/schema\/person\/4c784c8573058981cfce0b66329e0b67"},"headline":"Giubileo 2025","datePublished":"2024-12-10T12:23:22+00:00","dateModified":"2024-12-10T12:44:10+00:00","mainEntityOfPage":{"@id":"https:\/\/hotelaphrodite.com\/it\/il-giubileo-universale-2025-roma\/"},"wordCount":398,"publisher":{"@id":"https:\/\/hotelaphrodite.com\/#organization"},"image":{"@id":"https:\/\/hotelaphrodite.com\/it\/il-giubileo-universale-2025-roma\/#primaryimage"},"thumbnailUrl":"https:\/\/hotelaphrodite.com\/wp-content\/uploads\/2019\/07\/vatican-scaled.jpg","articleSection":["Roma"],"inLanguage":"it-IT"},{"@type":"WebPage","@id":"https:\/\/hotelaphrodite.com\/it\/il-giubileo-universale-2025-roma\/","url":"https:\/\/hotelaphrodite.com\/it\/il-giubileo-universale-2025-roma\/","name":"Giubileo 2025 | Aphrodite","isPartOf":{"@id":"https:\/\/hotelaphrodite.com\/#website"},"primaryImageOfPage":{"@id":"https:\/\/hotelaphrodite.com\/it\/il-giubileo-universale-2025-roma\/#primaryimage"},"image":{"@id":"https:\/\/hotelaphrodite.com\/it\/il-giubileo-universale-2025-roma\/#primaryimage"},"thumbnailUrl":"https:\/\/hotelaphrodite.com\/wp-content\/uploads\/2019\/07\/vatican-scaled.jpg","datePublished":"2024-12-10T12:23:22+00:00","dateModified":"2024-12-10T12:44:10+00:00","description":"Il\u00a0Giubileo 2025 si\u00a0aprir\u00e0 ufficialmente il 24 dicembre 2024 con l'apertura della Porta Santa della Basilica Papale di San Pietro","breadcrumb":{"@id":"https:\/\/hotelaphrodite.com\/it\/il-giubileo-universale-2025-roma\/#breadcrumb"},"inLanguage":"it-IT","potentialAction":[{"@type":"ReadAction","target":["https:\/\/hotelaphrodite.com\/it\/il-giubileo-universale-2025-roma\/"]}]},{"@type":"ImageObject","inLanguage":"it-IT","@id":"https:\/\/hotelaphrodite.com\/it\/il-giubileo-universale-2025-roma\/#primaryimage","url":"https:\/\/hotelaphrodite.com\/wp-content\/uploads\/2019\/07\/vatican-scaled.jpg","contentUrl":"https:\/\/hotelaphrodite.com\/wp-content\/uploads\/2019\/07\/vatican-scaled.jpg","width":2560,"height":1920},{"@type":"BreadcrumbList","@id":"https:\/\/hotelaphrodite.com\/it\/il-giubileo-universale-2025-roma\/#breadcrumb","itemListElement":[{"@type":"ListItem","position":1,"name":"Home","item":"https:\/\/hotelaphrodite.com\/it\/"},{"@type":"ListItem","position":2,"name":"Giubileo 2025"}]},{"@type":"WebSite","@id":"https:\/\/hotelaphrodite.com\/#website","url":"https:\/\/hotelaphrodite.com\/","name":"Hotel Aphrodite Roma","description":"Un nuovo sito targato WordPress","publisher":{"@id":"https:\/\/hotelaphrodite.com\/#organization"},"potentialAction":[{"@type":"SearchAction","target":{"@type":"EntryPoint","urlTemplate":"https:\/\/hotelaphrodite.com\/?s={search_term_string}"},"query-input":{"@type":"PropertyValueSpecification","valueRequired":true,"valueName":"search_term_string"}}],"inLanguage":"it-IT"},{"@type":"Organization","@id":"https:\/\/hotelaphrodite.com\/#organization","name":"Hotel Aphrodite Roma","url":"https:\/\/hotelaphrodite.com\/","logo":{"@type":"ImageObject","inLanguage":"it-IT","@id":"https:\/\/hotelaphrodite.com\/#\/schema\/logo\/image\/","url":"https:\/\/hotelaphrodite.com\/wp-content\/uploads\/2019\/11\/logohotelaphrodite-icon.png","contentUrl":"https:\/\/hotelaphrodite.com\/wp-content\/uploads\/2019\/11\/logohotelaphrodite-icon.png","width":50,"height":57,"caption":"Hotel Aphrodite Roma"},"image":{"@id":"https:\/\/hotelaphrodite.com\/#\/schema\/logo\/image\/"},"sameAs":["https:\/\/www.facebook.com\/HotelAphroditeRoma\/","https:\/\/www.instagram.com\/hotel_aphroditeroma\/"]},{"@type":"Person","@id":"https:\/\/hotelaphrodite.com\/#\/schema\/person\/4c784c8573058981cfce0b66329e0b67","name":"Pamela Di CIommo","image":{"@type":"ImageObject","inLanguage":"it-IT","@id":"https:\/\/hotelaphrodite.com\/#\/schema\/person\/image\/","url":"https:\/\/secure.gravatar.com\/avatar\/e154f61655deb0bd220e08e31f19633d?s=96&d=mm&r=g","contentUrl":"https:\/\/secure.gravatar.com\/avatar\/e154f61655deb0bd220e08e31f19633d?s=96&d=mm&r=g","caption":"Pamela Di CIommo"},"sameAs":["https:\/\/hotelaphrodite.com\/"]}]}},"_links":{"self":[{"href":"https:\/\/hotelaphrodite.com\/it\/wp-json\/wp\/v2\/posts\/1241","targetHints":{"allow":["GET"]}}],"collection":[{"href":"https:\/\/hotelaphrodite.com\/it\/wp-json\/wp\/v2\/posts"}],"about":[{"href":"https:\/\/hotelaphrodite.com\/it\/wp-json\/wp\/v2\/types\/post"}],"author":[{"embeddable":true,"href":"https:\/\/hotelaphrodite.com\/it\/wp-json\/wp\/v2\/users\/3"}],"replies":[{"embeddable":true,"href":"https:\/\/hotelaphrodite.com\/it\/wp-json\/wp\/v2\/comments?post=1241"}],"version-history":[{"count":4,"href":"https:\/\/hotelaphrodite.com\/it\/wp-json\/wp\/v2\/posts\/1241\/revisions"}],"predecessor-version":[{"id":1250,"href":"https:\/\/hotelaphrodite.com\/it\/wp-json\/wp\/v2\/posts\/1241\/revisions\/1250"}],"wp:featuredmedia":[{"embeddable":true,"href":"https:\/\/hotelaphrodite.com\/it\/wp-json\/wp\/v2\/media\/1232"}],"wp:attachment":[{"href":"https:\/\/hotelaphrodite.com\/it\/wp-json\/wp\/v2\/media?parent=1241"}],"wp:term":[{"taxonomy":"category","embeddable":true,"href":"https:\/\/hotelaphrodite.com\/it\/wp-json\/wp\/v2\/categories?post=1241"},{"taxonomy":"post_tag","embeddable":true,"href":"https:\/\/hotelaphrodite.com\/it\/wp-json\/wp\/v2\/tags?post=1241"}],"curies":[{"name":"wp","href":"https:\/\/api.w.org\/{rel}","templated":true}]}}